{"id":6429,"date":"2020-10-20T19:30:01","date_gmt":"2020-10-20T17:30:01","guid":{"rendered":"http:\/\/spmaslowo.pl\/?p=6429"},"modified":"2020-10-20T19:32:59","modified_gmt":"2020-10-20T17:32:59","slug":"81-rocznica-rozstrzelania-mieszkancow-ziemi-dolskiej-i-ksiaskiej","status":"publish","type":"post","link":"http:\/\/spmaslowo.pl\/index.php\/2020\/10\/20\/81-rocznica-rozstrzelania-mieszkancow-ziemi-dolskiej-i-ksiaskiej\/","title":{"rendered":"81 rocznica rozstrzelania mieszka\u0144c\u00f3w Ziemi Dolskiej i Ksi\u0105skiej"},"content":{"rendered":"\n<p style=\"font-size:17px\">20 pa\u017adziernika 2020 r. mija 81. rocznica rozstrzelania mieszka\u0144c\u00f3w Ziemi Dolskiej i Ksi\u0105skiej.<br>Uczniowie naszej szko\u0142y uczcili pami\u0119\u0107 naszych bohater\u00f3w sk\u0142adaj\u0105c wi\u0105zank\u0119 kwiat\u00f3w oraz zapalaj\u0105c znicz na Rynku w Dolsku.<\/p>\n\n\n\n<h1><span style=\"color:#1f668f\" class=\"has-inline-color\">#ZapalZniczPami\u0119ci<\/span><\/h1>\n\n\n\n<figure class=\"wp-block-image size-large\"><img loading=\"lazy\" width=\"1080\" height=\"675\" src=\"http:\/\/spmaslowo.pl\/wp-content\/uploads\/2020\/10\/image1-edited.jpeg\" alt=\"\" class=\"wp-image-6437\" srcset=\"http:\/\/spmaslowo.pl\/wp-content\/uploads\/2020\/10\/image1-edited.jpeg 1080w, http:\/\/spmaslowo.pl\/wp-content\/uploads\/2020\/10\/image1-edited-300x188.jpeg 300w, http:\/\/spmaslowo.pl\/wp-content\/uploads\/2020\/10\/image1-edited-1024x640.jpeg 1024w, http:\/\/spmaslowo.pl\/wp-content\/uploads\/2020\/10\/image1-edited-768x480.jpeg 768w, http:\/\/spmaslowo.pl\/wp-content\/uploads\/2020\/10\/image1-edited-360x225.jpeg 360w\" sizes=\"(max-width: 1080px) 100vw, 1080px\" \/><\/figure>\n\n\n\n<figure class=\"wp-block-image size-large is-resized\"><img loading=\"lazy\" src=\"http:\/\/spmaslowo.pl\/wp-content\/uploads\/2020\/10\/image0-1-edited-1.jpeg\" alt=\"\" class=\"wp-image-6441\" width=\"795\" height=\"497\" srcset=\"http:\/\/spmaslowo.pl\/wp-content\/uploads\/2020\/10\/image0-1-edited-1.jpeg 572w, http:\/\/spmaslowo.pl\/wp-content\/uploads\/2020\/10\/image0-1-edited-1-300x188.jpeg 300w, http:\/\/spmaslowo.pl\/wp-content\/uploads\/2020\/10\/image0-1-edited-1-360x225.jpeg 360w\" sizes=\"(max-width: 795px) 100vw, 795px\" \/><\/figure>\n","protected":false},"excerpt":{"rendered":"<p>20 pa\u017adziernika 2020 r. mija 81. rocznica rozstrzelania mieszka\u0144c\u00f3w Ziemi Dolskiej i Ksi\u0105skiej.Uczniowie naszej szko\u0142y uczcili pami\u0119\u0107 naszych bohater\u00f3w sk\u0142adaj\u0105c <a href=\"http:\/\/spmaslowo.pl\/index.php\/2020\/10\/20\/81-rocznica-rozstrzelania-mieszkancow-ziemi-dolskiej-i-ksiaskiej\/\" class=\"read-more\">wi\u0119cej &gt;&gt;<\/a><\/p>\n","protected":false},"author":1,"featured_media":0,"comment_status":"closed","ping_status":"open","sticky":false,"template":"","format":"standard","meta":[],"categories":[1],"tags":[],"_links":{"self":[{"href":"http:\/\/spmaslowo.pl\/index.php\/wp-json\/wp\/v2\/posts\/6429"}],"collection":[{"href":"http:\/\/spmaslowo.pl\/index.php\/wp-json\/wp\/v2\/posts"}],"about":[{"href":"http:\/\/spmaslowo.pl\/index.php\/wp-json\/wp\/v2\/types\/post"}],"author":[{"embeddable":true,"href":"http:\/\/spmaslowo.pl\/index.php\/wp-json\/wp\/v2\/users\/1"}],"replies":[{"embeddable":true,"href":"http:\/\/spmaslowo.pl\/index.php\/wp-json\/wp\/v2\/comments?post=6429"}],"version-history":[{"count":6,"href":"http:\/\/spmaslowo.pl\/index.php\/wp-json\/wp\/v2\/posts\/6429\/revisions"}],"predecessor-version":[{"id":6442,"href":"http:\/\/spmaslowo.pl\/index.php\/wp-json\/wp\/v2\/posts\/6429\/revisions\/6442"}],"wp:attachment":[{"href":"http:\/\/spmaslowo.pl\/index.php\/wp-json\/wp\/v2\/media?parent=6429"}],"wp:term":[{"taxonomy":"category","embeddable":true,"href":"http:\/\/spmaslowo.pl\/index.php\/wp-json\/wp\/v2\/categories?post=6429"},{"taxonomy":"post_tag","embeddable":true,"href":"http:\/\/spmaslowo.pl\/index.php\/wp-json\/wp\/v2\/tags?post=6429"}],"curies":[{"name":"wp","href":"https:\/\/api.w.org\/{rel}","templated":true}]}}