{"id":16196,"date":"2025-04-11T11:17:08","date_gmt":"2025-04-11T09:17:08","guid":{"rendered":"http:\/\/spmaslowo.pl\/?p=16196"},"modified":"2025-04-11T11:17:09","modified_gmt":"2025-04-11T09:17:09","slug":"szkolne-kolo-wolontariatu-rosnie-w-sile","status":"publish","type":"post","link":"http:\/\/spmaslowo.pl\/index.php\/2025\/04\/11\/szkolne-kolo-wolontariatu-rosnie-w-sile\/","title":{"rendered":"SZKOLNE KO\u0141O WOLONTARIATU RO\u015aNIE W SI\u0141\u0118"},"content":{"rendered":"<p>We wtorek trzydzie\u015bcioro dw\u00f3ch nowych wolontariuszy wst\u0105pi\u0142o w szeregi Szkolnego Ko\u0142a Wolontariatu koordynowanego przez p. M. Soch\u0119 i p. B. Szafraniak. W murach naszej szko\u0142y przedstawicielka Lokalnego Centrum Wolontariatu przeprowadzi\u0142a szkolenie dla wolontariuszy z kl. IV \u2013 VI. Pani Ania klarownie zapozna\u0142a m\u0142odych ludzi z ich obowi\u0105zkami oraz prawami jako aktywnych wolontariuszy, a zatem czas na dzia\u0142anie.<\/p>\n\n\n<figure class=\"wp-block-image size-large\"><img loading=\"lazy\" width=\"1024\" height=\"768\" src=\"http:\/\/spmaslowo.pl\/wp-content\/uploads\/2025\/04\/485678942_988626596593394_8260123779177661749_n-1024x768.jpg\" alt=\"\" class=\"wp-image-16198\" srcset=\"http:\/\/spmaslowo.pl\/wp-content\/uploads\/2025\/04\/485678942_988626596593394_8260123779177661749_n-1024x768.jpg 1024w, http:\/\/spmaslowo.pl\/wp-content\/uploads\/2025\/04\/485678942_988626596593394_8260123779177661749_n-300x225.jpg 300w, http:\/\/spmaslowo.pl\/wp-content\/uploads\/2025\/04\/485678942_988626596593394_8260123779177661749_n-768x576.jpg 768w, http:\/\/spmaslowo.pl\/wp-content\/uploads\/2025\/04\/485678942_988626596593394_8260123779177661749_n-1536x1152.jpg 1536w, http:\/\/spmaslowo.pl\/wp-content\/uploads\/2025\/04\/485678942_988626596593394_8260123779177661749_n-360x270.jpg 360w, http:\/\/spmaslowo.pl\/wp-content\/uploads\/2025\/04\/485678942_988626596593394_8260123779177661749_n.jpg 2048w\" sizes=\"(max-width: 1024px) 100vw, 1024px\" \/><\/figure>\n","protected":false},"excerpt":{"rendered":"<p>We wtorek trzydzie\u015bcioro dw\u00f3ch nowych wolontariuszy wst\u0105pi\u0142o w szeregi Szkolnego Ko\u0142a Wolontariatu koordynowanego przez p. M. Soch\u0119 i p. B. <a href=\"http:\/\/spmaslowo.pl\/index.php\/2025\/04\/11\/szkolne-kolo-wolontariatu-rosnie-w-sile\/\" class=\"read-more\">wi\u0119cej &gt;&gt;<\/a><\/p>\n","protected":false},"author":8,"featured_media":0,"comment_status":"closed","ping_status":"open","sticky":false,"template":"","format":"standard","meta":[],"categories":[1],"tags":[],"_links":{"self":[{"href":"http:\/\/spmaslowo.pl\/index.php\/wp-json\/wp\/v2\/posts\/16196"}],"collection":[{"href":"http:\/\/spmaslowo.pl\/index.php\/wp-json\/wp\/v2\/posts"}],"about":[{"href":"http:\/\/spmaslowo.pl\/index.php\/wp-json\/wp\/v2\/types\/post"}],"author":[{"embeddable":true,"href":"http:\/\/spmaslowo.pl\/index.php\/wp-json\/wp\/v2\/users\/8"}],"replies":[{"embeddable":true,"href":"http:\/\/spmaslowo.pl\/index.php\/wp-json\/wp\/v2\/comments?post=16196"}],"version-history":[{"count":2,"href":"http:\/\/spmaslowo.pl\/index.php\/wp-json\/wp\/v2\/posts\/16196\/revisions"}],"predecessor-version":[{"id":16199,"href":"http:\/\/spmaslowo.pl\/index.php\/wp-json\/wp\/v2\/posts\/16196\/revisions\/16199"}],"wp:attachment":[{"href":"http:\/\/spmaslowo.pl\/index.php\/wp-json\/wp\/v2\/media?parent=16196"}],"wp:term":[{"taxonomy":"category","embeddable":true,"href":"http:\/\/spmaslowo.pl\/index.php\/wp-json\/wp\/v2\/categories?post=16196"},{"taxonomy":"post_tag","embeddable":true,"href":"http:\/\/spmaslowo.pl\/index.php\/wp-json\/wp\/v2\/tags?post=16196"}],"curies":[{"name":"wp","href":"https:\/\/api.w.org\/{rel}","templated":true}]}}