{"id":1583,"date":"2018-06-15T12:29:32","date_gmt":"2018-06-15T10:29:32","guid":{"rendered":"http:\/\/spmaslowo.pl\/?p=1583"},"modified":"2018-06-17T12:56:06","modified_gmt":"2018-06-17T10:56:06","slug":"udzial-w-warsztatach-sladami-gen-j-wybickiego-po-regionie-sremskim","status":"publish","type":"post","link":"http:\/\/spmaslowo.pl\/index.php\/2018\/06\/15\/udzial-w-warsztatach-sladami-gen-j-wybickiego-po-regionie-sremskim\/","title":{"rendered":"UDZIA\u0141 W WARSZTATACH \u201e\u015aLADAMI GEN. J. WYBICKIEGO  PO REGIONIE \u015aREMSKIM\u201d"},"content":{"rendered":"<p style=\"text-align: justify;\"><span style=\"color: #003300;\">Uczniowie klas IV wraz z opiekunami p. Beat\u0105 Szafraniak oraz p. P. Kleczewskim wzi\u0119li udzia\u0142 w warsztatach \u201e\u015aladami gen. J. Wybickiego po regionie \u015bremskim\u201d. Zaj\u0119cia mia\u0142y form\u0119 wycieczki. Pierwszy jej punkt stanowi\u0142o zwiedzanie ekspozycji sta\u0142ej \u201eWideoklip do hymnu\u201d w Muzeum \u015aremskim. Nast\u0119pnie m\u0142odzie\u017c uda\u0142a si\u0119 do Manieczek, aby zobaczy\u0107 rotund\u0119, a tak\u017ce zapozna\u0107 si\u0119 z legend\u0105 zwi\u0105zan\u0105 z miejscowym parkiem. Nasze warsztaty zako\u0144czyli\u015bmy w Brodnicy, gdzie obejrzeli\u015bmy animacje o historii hymnu<\/span><br \/>\n<span style=\"color: #003300;\">\u00a0i polskich symbolach narodowych oraz s\u0142odkim pocz\u0119stunkiem w pa\u0142acu.<\/span><\/p>\n<p><span style=\"color: #003366;\">Autor notatki: B. Szafraniak<\/span><\/p>\n<hr \/>\n<p>&nbsp;<\/p>\n","protected":false},"excerpt":{"rendered":"<p>Uczniowie klas IV wraz z opiekunami p. Beat\u0105 Szafraniak oraz p. P. Kleczewskim wzi\u0119li udzia\u0142 w warsztatach \u201e\u015aladami gen. J. <a href=\"http:\/\/spmaslowo.pl\/index.php\/2018\/06\/15\/udzial-w-warsztatach-sladami-gen-j-wybickiego-po-regionie-sremskim\/\" class=\"read-more\">wi\u0119cej &gt;&gt;<\/a><\/p>\n","protected":false},"author":1,"featured_media":1584,"comment_status":"closed","ping_status":"open","sticky":false,"template":"","format":"standard","meta":[],"categories":[1],"tags":[],"_links":{"self":[{"href":"http:\/\/spmaslowo.pl\/index.php\/wp-json\/wp\/v2\/posts\/1583"}],"collection":[{"href":"http:\/\/spmaslowo.pl\/index.php\/wp-json\/wp\/v2\/posts"}],"about":[{"href":"http:\/\/spmaslowo.pl\/index.php\/wp-json\/wp\/v2\/types\/post"}],"author":[{"embeddable":true,"href":"http:\/\/spmaslowo.pl\/index.php\/wp-json\/wp\/v2\/users\/1"}],"replies":[{"embeddable":true,"href":"http:\/\/spmaslowo.pl\/index.php\/wp-json\/wp\/v2\/comments?post=1583"}],"version-history":[{"count":1,"href":"http:\/\/spmaslowo.pl\/index.php\/wp-json\/wp\/v2\/posts\/1583\/revisions"}],"predecessor-version":[{"id":1585,"href":"http:\/\/spmaslowo.pl\/index.php\/wp-json\/wp\/v2\/posts\/1583\/revisions\/1585"}],"wp:featuredmedia":[{"embeddable":true,"href":"http:\/\/spmaslowo.pl\/index.php\/wp-json\/wp\/v2\/media\/1584"}],"wp:attachment":[{"href":"http:\/\/spmaslowo.pl\/index.php\/wp-json\/wp\/v2\/media?parent=1583"}],"wp:term":[{"taxonomy":"category","embeddable":true,"href":"http:\/\/spmaslowo.pl\/index.php\/wp-json\/wp\/v2\/categories?post=1583"},{"taxonomy":"post_tag","embeddable":true,"href":"http:\/\/spmaslowo.pl\/index.php\/wp-json\/wp\/v2\/tags?post=1583"}],"curies":[{"name":"wp","href":"https:\/\/api.w.org\/{rel}","templated":true}]}}