{"id":10502,"date":"2021-12-29T17:58:01","date_gmt":"2021-12-29T16:58:01","guid":{"rendered":"http:\/\/spmaslowo.pl\/?p=10502"},"modified":"2021-12-29T18:30:17","modified_gmt":"2021-12-29T17:30:17","slug":"sukces-dzieci-z-przedszkola-w-wojewodzkim-konkursie-podziel-sie-wystawa","status":"publish","type":"post","link":"http:\/\/spmaslowo.pl\/index.php\/2021\/12\/29\/sukces-dzieci-z-przedszkola-w-wojewodzkim-konkursie-podziel-sie-wystawa\/","title":{"rendered":"SUKCES DZIECI Z PRZEDSZKOLA W WOJEW\u00d3DZKIM KONKURSIE \u201ePodziel si\u0119 wystaw\u0105\u201d"},"content":{"rendered":"\n<div style=\"height:4px\" aria-hidden=\"true\" class=\"wp-block-spacer\"><\/div>\n\n\n\n<hr class=\"wp-block-separator\"\/>\n\n\n\n<p class=\"has-medium-font-size\"><strong>Brawo dzieci przedszkolne<\/strong><\/p>\n\n\n\n<p>Nasza wystawa zdoby\u0142a wyr\u00f3\u017cnienie w wojew\u00f3dzkim&nbsp; konkursie \u201ePodziel si\u0119 wystaw\u0105\u201d&nbsp;<\/p>\n\n\n\n<p>Organizatorem by\u0142 Urz\u0105d Marsza\u0142kowski Wojew\u00f3dztwa Wielkopolskiego.<br>#Podzielsi\u0119wystaw\u0105<br>Gratulacje tak\u017ce dla Szko\u0142y Podstawowej w Dolsku&nbsp;<\/p>\n\n\n\n<p class=\"has-medium-font-size\"><a rel=\"noreferrer noopener\" href=\"https:\/\/27grudnia.pl\/program-obchodow\/podziel-sie-wystawa\/4831?fbclid=IwAR1FJrW4z8YfFexmH9GfeHfE6Uk08ducW6Gioo0Jaxg9ONGS-G7dYntz8HE\" target=\"_blank\"><span style=\"text-decoration: underline;\"><span style=\"color:#026aa6\" class=\"has-inline-color\"><strong>PODZIEL SI\u0118 WYSTAW\u0104<\/strong> <\/span>&#8211; zobacz wszystkie wyr\u00f3\u017cnione prace<\/span><\/a><\/p>\n\n\n\n<figure class=\"wp-block-gallery columns-1 is-cropped\"><ul class=\"blocks-gallery-grid\"><li class=\"blocks-gallery-item\"><figure><img loading=\"lazy\" width=\"862\" height=\"631\" src=\"http:\/\/spmaslowo.pl\/wp-content\/uploads\/2021\/12\/image1-1-1.jpeg\" alt=\"\" data-id=\"10529\" data-full-url=\"http:\/\/spmaslowo.pl\/wp-content\/uploads\/2021\/12\/image1-1-1.jpeg\" data-link=\"http:\/\/spmaslowo.pl\/index.php\/2021\/12\/29\/sukces-dzieci-z-przedszkola-w-wojewodzkim-konkursie-podziel-sie-wystawa\/image1-1-1\/\" class=\"wp-image-10529\" srcset=\"http:\/\/spmaslowo.pl\/wp-content\/uploads\/2021\/12\/image1-1-1.jpeg 862w, http:\/\/spmaslowo.pl\/wp-content\/uploads\/2021\/12\/image1-1-1-300x220.jpeg 300w, http:\/\/spmaslowo.pl\/wp-content\/uploads\/2021\/12\/image1-1-1-768x562.jpeg 768w, http:\/\/spmaslowo.pl\/wp-content\/uploads\/2021\/12\/image1-1-1-360x264.jpeg 360w\" sizes=\"(max-width: 862px) 100vw, 862px\" \/><\/figure><\/li><li class=\"blocks-gallery-item\"><figure><img loading=\"lazy\" width=\"1024\" height=\"514\" src=\"http:\/\/spmaslowo.pl\/wp-content\/uploads\/2021\/12\/image0-1-2-1024x514.jpeg\" alt=\"\" data-id=\"10525\" data-full-url=\"http:\/\/spmaslowo.pl\/wp-content\/uploads\/2021\/12\/image0-1-2.jpeg\" data-link=\"http:\/\/spmaslowo.pl\/index.php\/2021\/12\/29\/sukces-dzieci-z-przedszkola-w-wojewodzkim-konkursie-podziel-sie-wystawa\/image0-1-2-2\/\" class=\"wp-image-10525\" srcset=\"http:\/\/spmaslowo.pl\/wp-content\/uploads\/2021\/12\/image0-1-2-1024x514.jpeg 1024w, http:\/\/spmaslowo.pl\/wp-content\/uploads\/2021\/12\/image0-1-2-300x151.jpeg 300w, http:\/\/spmaslowo.pl\/wp-content\/uploads\/2021\/12\/image0-1-2-768x386.jpeg 768w, http:\/\/spmaslowo.pl\/wp-content\/uploads\/2021\/12\/image0-1-2-360x181.jpeg 360w, http:\/\/spmaslowo.pl\/wp-content\/uploads\/2021\/12\/image0-1-2.jpeg 1242w\" sizes=\"(max-width: 1024px) 100vw, 1024px\" \/><\/figure><\/li><\/ul><\/figure>\n","protected":false},"excerpt":{"rendered":"<p>Brawo dzieci przedszkolne Nasza wystawa zdoby\u0142a wyr\u00f3\u017cnienie w wojew\u00f3dzkim&nbsp; konkursie \u201ePodziel si\u0119 wystaw\u0105\u201d&nbsp; Organizatorem by\u0142 Urz\u0105d Marsza\u0142kowski Wojew\u00f3dztwa Wielkopolskiego.#Podzielsi\u0119wystaw\u0105Gratulacje tak\u017ce <a href=\"http:\/\/spmaslowo.pl\/index.php\/2021\/12\/29\/sukces-dzieci-z-przedszkola-w-wojewodzkim-konkursie-podziel-sie-wystawa\/\" class=\"read-more\">wi\u0119cej &gt;&gt;<\/a><\/p>\n","protected":false},"author":1,"featured_media":0,"comment_status":"closed","ping_status":"open","sticky":false,"template":"","format":"standard","meta":[],"categories":[1,9],"tags":[],"_links":{"self":[{"href":"http:\/\/spmaslowo.pl\/index.php\/wp-json\/wp\/v2\/posts\/10502"}],"collection":[{"href":"http:\/\/spmaslowo.pl\/index.php\/wp-json\/wp\/v2\/posts"}],"about":[{"href":"http:\/\/spmaslowo.pl\/index.php\/wp-json\/wp\/v2\/types\/post"}],"author":[{"embeddable":true,"href":"http:\/\/spmaslowo.pl\/index.php\/wp-json\/wp\/v2\/users\/1"}],"replies":[{"embeddable":true,"href":"http:\/\/spmaslowo.pl\/index.php\/wp-json\/wp\/v2\/comments?post=10502"}],"version-history":[{"count":24,"href":"http:\/\/spmaslowo.pl\/index.php\/wp-json\/wp\/v2\/posts\/10502\/revisions"}],"predecessor-version":[{"id":10544,"href":"http:\/\/spmaslowo.pl\/index.php\/wp-json\/wp\/v2\/posts\/10502\/revisions\/10544"}],"wp:attachment":[{"href":"http:\/\/spmaslowo.pl\/index.php\/wp-json\/wp\/v2\/media?parent=10502"}],"wp:term":[{"taxonomy":"category","embeddable":true,"href":"http:\/\/spmaslowo.pl\/index.php\/wp-json\/wp\/v2\/categories?post=10502"},{"taxonomy":"post_tag","embeddable":true,"href":"http:\/\/spmaslowo.pl\/index.php\/wp-json\/wp\/v2\/tags?post=10502"}],"curies":[{"name":"wp","href":"https:\/\/api.w.org\/{rel}","templated":true}]}}